{"id":7846,"date":"2026-03-17T14:42:42","date_gmt":"2026-03-17T14:42:42","guid":{"rendered":"https:\/\/kaderli.ch\/fete-du-paysage-et-des-jardins-2026\/"},"modified":"2026-03-17T14:44:29","modified_gmt":"2026-03-17T14:44:29","slug":"fete-du-paysage-et-des-jardins-2026","status":"publish","type":"post","link":"https:\/\/kaderli.ch\/fr\/fete-du-paysage-et-des-jardins-2026\/","title":{"rendered":"F\u00eate du paysage et des jardins 2026"},"content":{"rendered":"<div class=\"fusion-fullwidth fullwidth-box fusion-builder-row-1 fusion-flex-container has-pattern-background has-mask-background nonhundred-percent-fullwidth non-hundred-percent-height-scrolling\" style=\"--awb-border-radius-top-left:0px;--awb-border-radius-top-right:0px;--awb-border-radius-bottom-right:0px;--awb-border-radius-bottom-left:0px;--awb-flex-wrap:wrap;\" ><div class=\"fusion-builder-row fusion-row fusion-flex-align-items-flex-start fusion-flex-content-wrap\" style=\"max-width:1248px;margin-left: calc(-4% \/ 2 );margin-right: calc(-4% \/ 2 );\"><div class=\"fusion-layout-column fusion_builder_column fusion-builder-column-0 fusion_builder_column_1_1 1_1 fusion-flex-column\" style=\"--awb-bg-size:cover;--awb-width-large:100%;--awb-margin-top-large:0px;--awb-spacing-right-large:1.92%;--awb-margin-bottom-large:0px;--awb-spacing-left-large:1.92%;--awb-width-medium:100%;--awb-order-medium:0;--awb-spacing-right-medium:1.92%;--awb-spacing-left-medium:1.92%;--awb-width-small:100%;--awb-order-small:0;--awb-spacing-right-small:1.92%;--awb-spacing-left-small:1.92%;\"><div class=\"fusion-column-wrapper fusion-column-has-shadow fusion-flex-justify-content-flex-start fusion-content-layout-column\"><div class=\"fusion-title title fusion-title-1 fusion-sep-none fusion-title-text fusion-title-size-three\" style=\"--awb-margin-top:20px;--awb-margin-top-small:10px;--awb-margin-right-small:0px;--awb-margin-bottom-small:10px;--awb-margin-left-small:0px;\"><h3 class=\"fusion-title-heading title-heading-left fusion-responsive-typography-calculated\" style=\"margin:0;--fontSize:36;line-height:1.3;\">F\u00eate du paysage et des jardins \u00e0 Sion<\/h3><\/div><div class=\"fusion-text fusion-text-1 fusion-text-no-margin\" style=\"--awb-margin-bottom:40px;\"><p>Apr\u00e8s Gen\u00e8ve en 2024, la F\u00eate du Paysage et des Jardins s\u2019installe au c\u0153ur du Valais : rendez-vous les 29, 30 et 31 mai 2026 sur la Place du Midi \u00e0 Sion, enti\u00e8rement d\u00e9di\u00e9e \u00e0 cet \u00e9v\u00e9nement unique. Pendant trois jours, la ville vivra au rythme des jardins, des cr\u00e9ations paysag\u00e8res et de la passion de celles et ceux qui fa\u00e7onnent nos espaces verts.<\/p>\n<\/div><div class=\"fusion-separator fusion-full-width-sep\" style=\"align-self: center;margin-left: auto;margin-right: auto;margin-top:20px;margin-bottom:20px;width:100%;\"><div class=\"fusion-separator-border sep-single sep-dotted\" style=\"--awb-height:20px;--awb-amount:20px;--awb-sep-color:var(--awb-color4);border-color:var(--awb-color4);border-top-width:1px;\"><\/div><\/div><div class=\"fusion-builder-row fusion-builder-row-inner fusion-row fusion-flex-align-items-flex-start fusion-flex-content-wrap\" style=\"--awb-flex-grow:0;--awb-flex-grow-medium:0;--awb-flex-grow-small:0;--awb-flex-shrink:0;--awb-flex-shrink-medium:0;--awb-flex-shrink-small:0;width:104% !important;max-width:104% !important;margin-left: calc(-4% \/ 2 );margin-right: calc(-4% \/ 2 );\"><div class=\"fusion-layout-column fusion_builder_column_inner fusion-builder-nested-column-0 fusion_builder_column_inner_1_1 1_1 fusion-flex-column\" style=\"--awb-bg-size:cover;--awb-width-large:100%;--awb-margin-top-large:0px;--awb-spacing-right-large:1.92%;--awb-margin-bottom-large:20px;--awb-spacing-left-large:1.92%;--awb-width-medium:100%;--awb-order-medium:0;--awb-spacing-right-medium:1.92%;--awb-spacing-left-medium:1.92%;--awb-width-small:100%;--awb-order-small:0;--awb-spacing-right-small:1.92%;--awb-spacing-left-small:1.92%;\"><div class=\"fusion-column-wrapper fusion-column-has-shadow fusion-flex-justify-content-flex-start fusion-content-layout-column\"><div class=\"fusion-title title fusion-title-2 fusion-sep-none fusion-title-text fusion-title-size-four\" style=\"--awb-margin-top-small:10px;--awb-margin-right-small:0px;--awb-margin-bottom-small:10px;--awb-margin-left-small:0px;\"><h4 class=\"fusion-title-heading title-heading-left fusion-responsive-typography-calculated\" style=\"margin:0;--fontSize:28;line-height:1.4;\">Revivez les pr\u00e9c\u00e9dentes \u00e9ditions en image.<\/h4><\/div><div class=\"awb-gallery-wrapper awb-gallery-wrapper-1 button-span-no\" style=\"--more-btn-alignment:center;margin-top:60px;\" data-limit=\"4\" data-page=\"1\"><div style=\"margin:-15px;--awb-bordersize:0px;--awb-border-radius:10px;--awb-caption-title-color:var(--awb-color1);--awb-caption-title-size:var(--awb-custom_typography_2-font-size);--awb-caption-title-transform:var(--awb-custom_typography_2-text-transform);--awb-caption-title-line-height:var(--awb-custom_typography_2-line-height);--awb-caption-title-letter-spacing:var(--awb-custom_typography_2-letter-spacing);--awb-caption-overlay-color:var(--awb-color8);--awb-caption-margin-top:20px;--awb-caption-margin-left:20px;--awb-caption-title-font-family:var(--awb-custom_typography_2-font-family);--awb-caption-title-font-weight:var(--awb-custom_typography_2-font-weight);--awb-caption-title-font-style:var(--awb-custom_typography_2-font-style);\" class=\"fusion-gallery fusion-gallery-container fusion-grid-2 fusion-columns-total-4 fusion-gallery-layout-grid fusion-gallery-1\"><div style=\"padding:15px;\" class=\"fusion-grid-column fusion-gallery-column fusion-gallery-column-2\"><div class=\"fusion-gallery-image awb-imageframe-style awb-imageframe-style-resa\"><a href=\"https:\/\/kaderli.ch\/wp-content\/uploads\/2026\/03\/fete-paysage-04.jpg\" rel=\"noreferrer\" data-rel=\"iLightbox[gallery_image_1]\" class=\"fusion-lightbox\" target=\"_self\"><img decoding=\"async\" src=\"https:\/\/kaderli.ch\/wp-content\/uploads\/2026\/03\/fete-paysage-04.jpg\" width=\"1200\" height=\"800\" alt=\"\" title=\"fete-paysage-04\" aria-label=\"fete-paysage-04\" class=\"img-responsive wp-image-7841\" srcset=\"https:\/\/kaderli.ch\/wp-content\/uploads\/2026\/03\/fete-paysage-04-200x133.jpg 200w, https:\/\/kaderli.ch\/wp-content\/uploads\/2026\/03\/fete-paysage-04-400x267.jpg 400w, https:\/\/kaderli.ch\/wp-content\/uploads\/2026\/03\/fete-paysage-04-600x400.jpg 600w, https:\/\/kaderli.ch\/wp-content\/uploads\/2026\/03\/fete-paysage-04-800x533.jpg 800w, https:\/\/kaderli.ch\/wp-content\/uploads\/2026\/03\/fete-paysage-04.jpg 1200w\" sizes=\"(min-width: 2200px) 100vw, (min-width: 712px) 593px, (min-width: 640px) 712px, \" \/><div class=\"awb-imageframe-caption-container\"><div class=\"awb-imageframe-caption\"><h2 class=\"awb-imageframe-caption-title\">fete-paysage-04<\/h2><\/div><\/div><\/a><\/div><\/div><div style=\"padding:15px;\" class=\"fusion-grid-column fusion-gallery-column fusion-gallery-column-2\"><div class=\"fusion-gallery-image awb-imageframe-style awb-imageframe-style-resa\"><a href=\"https:\/\/kaderli.ch\/wp-content\/uploads\/2026\/03\/fete-paysage-03.jpg\" rel=\"noreferrer\" data-rel=\"iLightbox[gallery_image_1]\" class=\"fusion-lightbox\" target=\"_self\"><img decoding=\"async\" src=\"https:\/\/kaderli.ch\/wp-content\/uploads\/2026\/03\/fete-paysage-03.jpg\" width=\"1200\" height=\"800\" alt=\"\" title=\"fete-paysage-03\" aria-label=\"fete-paysage-03\" class=\"img-responsive wp-image-7842\" srcset=\"https:\/\/kaderli.ch\/wp-content\/uploads\/2026\/03\/fete-paysage-03-200x133.jpg 200w, https:\/\/kaderli.ch\/wp-content\/uploads\/2026\/03\/fete-paysage-03-400x267.jpg 400w, https:\/\/kaderli.ch\/wp-content\/uploads\/2026\/03\/fete-paysage-03-600x400.jpg 600w, https:\/\/kaderli.ch\/wp-content\/uploads\/2026\/03\/fete-paysage-03-800x533.jpg 800w, https:\/\/kaderli.ch\/wp-content\/uploads\/2026\/03\/fete-paysage-03.jpg 1200w\" sizes=\"(min-width: 2200px) 100vw, (min-width: 712px) 593px, (min-width: 640px) 712px, \" \/><div class=\"awb-imageframe-caption-container\"><div class=\"awb-imageframe-caption\"><h2 class=\"awb-imageframe-caption-title\">fete-paysage-03<\/h2><\/div><\/div><\/a><\/div><\/div><div class=\"clearfix\"><\/div><div style=\"padding:15px;\" class=\"fusion-grid-column fusion-gallery-column fusion-gallery-column-2\"><div class=\"fusion-gallery-image awb-imageframe-style awb-imageframe-style-resa\"><a href=\"https:\/\/kaderli.ch\/wp-content\/uploads\/2026\/03\/fete-paysage-02.jpeg\" rel=\"noreferrer\" data-rel=\"iLightbox[gallery_image_1]\" class=\"fusion-lightbox\" target=\"_self\"><img decoding=\"async\" src=\"https:\/\/kaderli.ch\/wp-content\/uploads\/2026\/03\/fete-paysage-02.jpeg\" width=\"2560\" height=\"1708\" alt=\"\" title=\"fete-paysage-02\" aria-label=\"fete-paysage-02\" class=\"img-responsive wp-image-7843\" srcset=\"https:\/\/kaderli.ch\/wp-content\/uploads\/2026\/03\/fete-paysage-02-200x133.jpeg 200w, https:\/\/kaderli.ch\/wp-content\/uploads\/2026\/03\/fete-paysage-02-400x267.jpeg 400w, https:\/\/kaderli.ch\/wp-content\/uploads\/2026\/03\/fete-paysage-02-600x400.jpeg 600w, https:\/\/kaderli.ch\/wp-content\/uploads\/2026\/03\/fete-paysage-02-800x534.jpeg 800w, https:\/\/kaderli.ch\/wp-content\/uploads\/2026\/03\/fete-paysage-02-1200x801.jpeg 1200w, https:\/\/kaderli.ch\/wp-content\/uploads\/2026\/03\/fete-paysage-02.jpeg 2560w\" sizes=\"(min-width: 2200px) 100vw, (min-width: 712px) 593px, (min-width: 640px) 712px, \" \/><div class=\"awb-imageframe-caption-container\"><div class=\"awb-imageframe-caption\"><h2 class=\"awb-imageframe-caption-title\">fete-paysage-02<\/h2><\/div><\/div><\/a><\/div><\/div><div style=\"padding:15px;\" class=\"fusion-grid-column fusion-gallery-column fusion-gallery-column-2\"><div class=\"fusion-gallery-image awb-imageframe-style awb-imageframe-style-resa\"><a href=\"https:\/\/kaderli.ch\/wp-content\/uploads\/2026\/03\/fete-paysage-01.jpg\" rel=\"noreferrer\" data-rel=\"iLightbox[gallery_image_1]\" class=\"fusion-lightbox\" target=\"_self\"><img decoding=\"async\" src=\"https:\/\/kaderli.ch\/wp-content\/uploads\/2026\/03\/fete-paysage-01.jpg\" width=\"2560\" height=\"1708\" alt=\"\" title=\"fete-paysage-01\" aria-label=\"fete-paysage-01\" class=\"img-responsive wp-image-7844\" srcset=\"https:\/\/kaderli.ch\/wp-content\/uploads\/2026\/03\/fete-paysage-01-200x133.jpg 200w, https:\/\/kaderli.ch\/wp-content\/uploads\/2026\/03\/fete-paysage-01-400x267.jpg 400w, https:\/\/kaderli.ch\/wp-content\/uploads\/2026\/03\/fete-paysage-01-600x400.jpg 600w, https:\/\/kaderli.ch\/wp-content\/uploads\/2026\/03\/fete-paysage-01-800x534.jpg 800w, https:\/\/kaderli.ch\/wp-content\/uploads\/2026\/03\/fete-paysage-01-1200x801.jpg 1200w, https:\/\/kaderli.ch\/wp-content\/uploads\/2026\/03\/fete-paysage-01.jpg 2560w\" sizes=\"(min-width: 2200px) 100vw, (min-width: 712px) 593px, (min-width: 640px) 712px, \" \/><div class=\"awb-imageframe-caption-container\"><div class=\"awb-imageframe-caption\"><h2 class=\"awb-imageframe-caption-title\">fete-paysage-01<\/h2><\/div><\/div><\/a><\/div><\/div><div class=\"clearfix\"><\/div><\/div><\/div><\/div><\/div><\/div><div class=\"fusion-builder-row fusion-builder-row-inner fusion-row fusion-flex-align-items-flex-start fusion-flex-content-wrap\" style=\"--awb-flex-grow:0;--awb-flex-grow-medium:0;--awb-flex-grow-small:0;--awb-flex-shrink:0;--awb-flex-shrink-medium:0;--awb-flex-shrink-small:0;width:104% !important;max-width:104% !important;margin-left: calc(-4% \/ 2 );margin-right: calc(-4% \/ 2 );\"><div class=\"fusion-layout-column fusion_builder_column_inner fusion-builder-nested-column-1 fusion_builder_column_inner_1_2 1_2 fusion-flex-column fusion-column-inner-bg-wrapper\" style=\"--awb-padding-top:25px;--awb-padding-right:25px;--awb-padding-bottom:25px;--awb-padding-left:25px;--awb-overflow:hidden;--awb-inner-bg-color:var(--awb-color2);--awb-inner-bg-color-hover:var(--awb-color2);--awb-inner-bg-size:cover;--awb-border-radius:0px 0px 0px 25px;--awb-inner-bg-border-radius:0px 0px 0px 25px;--awb-inner-bg-overflow:hidden;--awb-transform:translateY(0px);--awb-transform-hover:translateY(-10px);--awb-width-large:50%;--awb-margin-top-large:40px;--awb-spacing-right-large:3.84%;--awb-margin-bottom-large:0px;--awb-spacing-left-large:3.84%;--awb-width-medium:50%;--awb-order-medium:0;--awb-spacing-right-medium:3.84%;--awb-spacing-left-medium:3.84%;--awb-width-small:100%;--awb-order-small:0;--awb-spacing-right-small:1.92%;--awb-spacing-left-small:1.92%;\" data-scroll-devices=\"small-visibility,medium-visibility,large-visibility\"><span class=\"fusion-column-inner-bg hover-type-none\"><a class=\"fusion-column-anchor\" href=\"https:\/\/www.fete-paysage-jardins.ch\/\" rel=\"noopener noreferrer\" target=\"_blank\"><span class=\"fusion-column-inner-bg-image\"><\/span><\/a><\/span><div class=\"fusion-column-wrapper fusion-column-has-shadow fusion-flex-justify-content-flex-start fusion-content-layout-column\"><div class=\"fusion-image-element \" style=\"text-align:center;--awb-caption-title-font-family:var(--h2_typography-font-family);--awb-caption-title-font-weight:var(--h2_typography-font-weight);--awb-caption-title-font-style:var(--h2_typography-font-style);--awb-caption-title-size:var(--h2_typography-font-size);--awb-caption-title-transform:var(--h2_typography-text-transform);--awb-caption-title-line-height:var(--h2_typography-line-height);--awb-caption-title-letter-spacing:var(--h2_typography-letter-spacing);\"><span class=\" fusion-imageframe imageframe-none imageframe-1 hover-type-none\"><img decoding=\"async\" width=\"180\" height=\"186\" title=\"logo_fetepaysageetjardins-3\" src=\"https:\/\/kaderli.ch\/wp-content\/uploads\/2026\/03\/logo_fetepaysageetjardins-3.png\" alt class=\"img-responsive wp-image-7839\"\/><\/span><\/div><div class=\"fusion-title title fusion-title-3 fusion-sep-none fusion-title-center fusion-title-text fusion-title-size-five\" style=\"--awb-margin-bottom:10px;--awb-margin-top-small:10px;--awb-margin-right-small:0px;--awb-margin-bottom-small:10px;--awb-margin-left-small:0px;\"><h5 class=\"fusion-title-heading title-heading-center fusion-responsive-typography-calculated\" style=\"margin:0;--fontSize:22;--minFontSize:22;line-height:1.3;\">29 au 31 mai 2026<br \/>Sion<\/h5><\/div><div class=\"fusion-text fusion-text-2 fusion-text-no-margin\" style=\"--awb-content-alignment:center;--awb-margin-bottom:0px;\"><p>Cet \u00e9v\u00e9nement, organis\u00e9 par <a href=\"https:\/\/jardinsuisse-fribourg.ch\/301-fete-du-jardin-et-de-paysages\/\"><u>JardinSuisse Fribourg<\/u><\/a> et d&rsquo;autres sections cantonales, met en avant les m\u00e9tiers du paysage. La derni\u00e8re \u00e9dition s&rsquo;est tenue au <strong>Parc La Grange \u00e0 Gen\u00e8ve<\/strong> du 24 au 26 mai 2024. Elle accueille notamment le Concours romand des apprenti\u00b7e\u00b7s paysagistes.<\/p>\n<\/div><\/div><\/div><div class=\"fusion-layout-column fusion_builder_column_inner fusion-builder-nested-column-2 fusion_builder_column_inner_1_2 1_2 fusion-flex-column\" style=\"--awb-padding-top:25px;--awb-padding-right:25px;--awb-padding-bottom:25px;--awb-padding-left:25px;--awb-overflow:hidden;--awb-bg-color:var(--awb-color2);--awb-bg-color-hover:var(--awb-color2);--awb-bg-size:cover;--awb-border-radius:0px 0px 0px 25px;--awb-transform:translateY(0px);--awb-transform-hover:translateY(-10px);--awb-width-large:50%;--awb-margin-top-large:40px;--awb-spacing-right-large:3.84%;--awb-margin-bottom-large:0px;--awb-spacing-left-large:3.84%;--awb-width-medium:50%;--awb-order-medium:0;--awb-spacing-right-medium:3.84%;--awb-spacing-left-medium:3.84%;--awb-width-small:100%;--awb-order-small:0;--awb-spacing-right-small:1.92%;--awb-spacing-left-small:1.92%;\"><div class=\"fusion-column-wrapper fusion-column-has-shadow fusion-flex-justify-content-flex-start fusion-content-layout-column\"><div class=\"fusion-image-element \" style=\"--awb-caption-title-font-family:var(--h2_typography-font-family);--awb-caption-title-font-weight:var(--h2_typography-font-weight);--awb-caption-title-font-style:var(--h2_typography-font-style);--awb-caption-title-size:var(--h2_typography-font-size);--awb-caption-title-transform:var(--h2_typography-text-transform);--awb-caption-title-line-height:var(--h2_typography-line-height);--awb-caption-title-letter-spacing:var(--h2_typography-letter-spacing);\"><span class=\" fusion-imageframe imageframe-none imageframe-2 hover-type-none\"><img decoding=\"async\" width=\"364\" height=\"108\" title=\"jdsfr\" src=\"https:\/\/kaderli.ch\/wp-content\/uploads\/2026\/03\/jdsfr.png\" alt class=\"img-responsive wp-image-7840\" srcset=\"https:\/\/kaderli.ch\/wp-content\/uploads\/2026\/03\/jdsfr-200x59.png 200w, https:\/\/kaderli.ch\/wp-content\/uploads\/2026\/03\/jdsfr.png 364w\" sizes=\"(max-width: 640px) 100vw, 364px\" \/><\/span><\/div><div class=\"fusion-text fusion-text-3 fusion-text-no-margin\" style=\"--awb-content-alignment:center;--awb-margin-bottom:0px;\"><p>JardinSuisse Canton de Fribourg (JSFR) est l&rsquo;association des entrepreneurs horticoles du canton de Fribourg. L&rsquo;association repr\u00e9sente les int\u00e9r\u00eats d&rsquo;environ 85 entreprises membres issues des secteurs de l&rsquo;am\u00e9nagement paysager, de la production v\u00e9g\u00e9tale et du commerce de d\u00e9tail.<\/p>\n<\/div><\/div><\/div><\/div><div class=\"fusion-separator fusion-full-width-sep\" style=\"align-self: center;margin-left: auto;margin-right: auto;margin-top:40px;margin-bottom:40px;width:100%;\"><div class=\"fusion-separator-border sep-single sep-dotted\" style=\"--awb-height:20px;--awb-amount:20px;--awb-sep-color:var(--awb-color4);border-color:var(--awb-color4);border-top-width:1px;\"><\/div><\/div><\/div><\/div><\/div><\/div>\n","protected":false},"excerpt":{"rendered":"<p>Buisque curs metus vitae sed pharetra auctsemy mas interdums mag augue diu gestibulum ante ipsum lorm.<\/p>\n","protected":false},"author":3,"featured_media":7845,"comment_status":"closed","ping_status":"closed","sticky":false,"template":"","format":"standard","meta":{"footnotes":""},"categories":[900],"tags":[904,890],"class_list":["post-7846","post","type-post","status-publish","format-standard","has-post-thumbnail","hentry","category-kaderli-fr","tag-foire","tag-messe"],"_links":{"self":[{"href":"https:\/\/kaderli.ch\/fr\/wp-json\/wp\/v2\/posts\/7846","targetHints":{"allow":["GET"]}}],"collection":[{"href":"https:\/\/kaderli.ch\/fr\/wp-json\/wp\/v2\/posts"}],"about":[{"href":"https:\/\/kaderli.ch\/fr\/wp-json\/wp\/v2\/types\/post"}],"author":[{"embeddable":true,"href":"https:\/\/kaderli.ch\/fr\/wp-json\/wp\/v2\/users\/3"}],"replies":[{"embeddable":true,"href":"https:\/\/kaderli.ch\/fr\/wp-json\/wp\/v2\/comments?post=7846"}],"version-history":[{"count":10,"href":"https:\/\/kaderli.ch\/fr\/wp-json\/wp\/v2\/posts\/7846\/revisions"}],"predecessor-version":[{"id":7856,"href":"https:\/\/kaderli.ch\/fr\/wp-json\/wp\/v2\/posts\/7846\/revisions\/7856"}],"wp:featuredmedia":[{"embeddable":true,"href":"https:\/\/kaderli.ch\/fr\/wp-json\/wp\/v2\/media\/7845"}],"wp:attachment":[{"href":"https:\/\/kaderli.ch\/fr\/wp-json\/wp\/v2\/media?parent=7846"}],"wp:term":[{"taxonomy":"category","embeddable":true,"href":"https:\/\/kaderli.ch\/fr\/wp-json\/wp\/v2\/categories?post=7846"},{"taxonomy":"post_tag","embeddable":true,"href":"https:\/\/kaderli.ch\/fr\/wp-json\/wp\/v2\/tags?post=7846"}],"curies":[{"name":"wp","href":"https:\/\/api.w.org\/{rel}","templated":true}]}}