{"id":49,"count":3,"description":"Si vous le d\u00e9sirez ou lorsque cela est n\u00e9cessaire pour des raisons de s\u00e9curit\u00e9 ou d'efficacit\u00e9, l'escalier peut \u00eatre accompagn\u00e9 d'une rampe, d'une main courante ou d'\u00e9clairage.","link":"https:\/\/kaderli.ch\/fr\/categorie-produit\/amenagements-exterieurs-nouvel-creation-etou-reamenagement\/escaliers\/accessoires-escalier\/","name":"Accessoires escalier","slug":"accessoires-escalier","taxonomy":"product_cat","parent":32,"meta":[],"menu_order":0,"_links":{"self":[{"href":"https:\/\/kaderli.ch\/fr\/wp-json\/wp\/v2\/product_cat\/49","targetHints":{"allow":["GET"]}}],"collection":[{"href":"https:\/\/kaderli.ch\/fr\/wp-json\/wp\/v2\/product_cat"}],"about":[{"href":"https:\/\/kaderli.ch\/fr\/wp-json\/wp\/v2\/taxonomies\/product_cat"}],"up":[{"embeddable":true,"href":"https:\/\/kaderli.ch\/fr\/wp-json\/wp\/v2\/product_cat\/32"}],"wp:post_type":[{"href":"https:\/\/kaderli.ch\/fr\/wp-json\/wp\/v2\/product?product_cat=49"}],"curies":[{"name":"wp","href":"https:\/\/api.w.org\/{rel}","templated":true}]}}