{"id":66,"count":4,"description":"- Avec la protection des fa\u00e7ades on peut diminuer le salt\u00e9 sur la fassade et r\u00e9duite que l'humidit\u00e9 monte du terrain sur le pied de la fassade. - La plupart on utilise des galets ou gravier pour la construction.- Pour la s\u00e9paration de la protection de la fa\u00e7ade et de la surface vert, on pose une rang\u00e9 de dalle de jardin, une linge de pav\u00e9, un rang de dalles naturelles ou similaires. Cela facilite l'entretien ult\u00e9rieur des espaces verts.","link":"https:\/\/kaderli.ch\/fr\/categorie-produit\/amenagements-exterieurs-nouvel-creation-etou-reamenagement\/bordures-et-caniveaux\/protectinon-de-fassades\/","name":"Protectinon de fassades","slug":"protectinon-de-fassades","taxonomy":"product_cat","parent":41,"meta":[],"menu_order":0,"_links":{"self":[{"href":"https:\/\/kaderli.ch\/fr\/wp-json\/wp\/v2\/product_cat\/66","targetHints":{"allow":["GET"]}}],"collection":[{"href":"https:\/\/kaderli.ch\/fr\/wp-json\/wp\/v2\/product_cat"}],"about":[{"href":"https:\/\/kaderli.ch\/fr\/wp-json\/wp\/v2\/taxonomies\/product_cat"}],"up":[{"embeddable":true,"href":"https:\/\/kaderli.ch\/fr\/wp-json\/wp\/v2\/product_cat\/41"}],"wp:post_type":[{"href":"https:\/\/kaderli.ch\/fr\/wp-json\/wp\/v2\/product?product_cat=66"}],"curies":[{"name":"wp","href":"https:\/\/api.w.org\/{rel}","templated":true}]}}